{"id":2579,"date":"2026-08-14T15:34:58","date_gmt":"2026-08-14T15:34:58","guid":{"rendered":"https:\/\/santiniketan.news\/?p=2579"},"modified":"2026-08-14T15:34:58","modified_gmt":"2026-08-14T15:34:58","slug":"bison-deutschland-felfedezese-magyarorszagon-egyedulallo-elmeny-es-termeszetkozeli-kaland","status":"publish","type":"post","link":"https:\/\/santiniketan.news\/index.php\/2026\/08\/14\/bison-deutschland-felfedezese-magyarorszagon-egyedulallo-elmeny-es-termeszetkozeli-kaland\/","title":{"rendered":"Bison Deutschland felfedeze\u0301se Magyarorsza\u0301gon Egyedu\u0308la\u0301llo\u0301 e\u0301lme\u0301ny e\u0301s terme\u0301szetko\u0308zeli kaland"},"content":{"rendered":"<div id=\"ez-toc-container\" class=\"ez-toc-v2_0_87 counter-hierarchy ez-toc-counter ez-toc-grey ez-toc-container-direction\">\n<div class=\"ez-toc-title-container\">\n<p class=\"ez-toc-title\" style=\"cursor:inherit\">Table of Contents<\/p>\n<span class=\"ez-toc-title-toggle\"><a href=\"#\" class=\"ez-toc-pull-right ez-toc-btn ez-toc-btn-xs ez-toc-btn-default ez-toc-toggle\" aria-label=\"Toggle Table of Content\"><span class=\"ez-toc-js-icon-con\"><span class=\"\"><span class=\"eztoc-hide\" style=\"display:none;\">Toggle<\/span><span class=\"ez-toc-icon-toggle-span\"><svg style=\"fill: #999;color:#999\" xmlns=\"http:\/\/www.w3.org\/2000\/svg\" class=\"list-377408\" width=\"20px\" height=\"20px\" viewBox=\"0 0 24 24\" fill=\"none\"><path d=\"M6 6H4v2h2V6zm14 0H8v2h12V6zM4 11h2v2H4v-2zm16 0H8v2h12v-2zM4 16h2v2H4v-2zm16 0H8v2h12v-2z\" fill=\"currentColor\"><\/path><\/svg><svg style=\"fill: #999;color:#999\" class=\"arrow-unsorted-368013\" xmlns=\"http:\/\/www.w3.org\/2000\/svg\" width=\"10px\" height=\"10px\" viewBox=\"0 0 24 24\" version=\"1.2\" baseProfile=\"tiny\"><path d=\"M18.2 9.3l-6.2-6.3-6.2 6.3c-.2.2-.3.4-.3.7s.1.5.3.7c.2.2.4.3.7.3h11c.3 0 .5-.1.7-.3.2-.2.3-.5.3-.7s-.1-.5-.3-.7zM5.8 14.7l6.2 6.3 6.2-6.3c.2-.2.3-.5.3-.7s-.1-.5-.3-.7c-.2-.2-.4-.3-.7-.3h-11c-.3 0-.5.1-.7.3-.2.2-.3.5-.3.7s.1.5.3.7z\"\/><\/svg><\/span><\/span><\/span><\/a><\/span><\/div>\n<nav><ul class='ez-toc-list ez-toc-list-level-1 ' ><li class='ez-toc-page-1 ez-toc-heading-level-1'><a class=\"ez-toc-link ez-toc-heading-1\" href=\"https:\/\/santiniketan.news\/index.php\/2026\/08\/14\/bison-deutschland-felfedezese-magyarorszagon-egyedulallo-elmeny-es-termeszetkozeli-kaland\/#Bison_Deutschland_felfedezese_Magyarorszagon_Egyedulallo_elmeny_es_termeszetkozeli_kaland\" >Bison Deutschland felfedez\u00e9se Magyarorsz\u00e1gon Egyed\u00fcl\u00e1ll\u00f3 \u00e9lm\u00e9ny \u00e9s term\u00e9szetk\u00f6zeli kaland<\/a><ul class='ez-toc-list-level-2' ><li class='ez-toc-heading-level-2'><a class=\"ez-toc-link ez-toc-heading-2\" href=\"https:\/\/santiniketan.news\/index.php\/2026\/08\/14\/bison-deutschland-felfedezese-magyarorszagon-egyedulallo-elmeny-es-termeszetkozeli-kaland\/#Tartalomjegyzek\" >Tartalomjegyz\u00e9k<\/a><\/li><li class='ez-toc-page-1 ez-toc-heading-level-2'><a class=\"ez-toc-link ez-toc-heading-3\" href=\"https:\/\/santiniketan.news\/index.php\/2026\/08\/14\/bison-deutschland-felfedezese-magyarorszagon-egyedulallo-elmeny-es-termeszetkozeli-kaland\/#A_bisonok_tortenelmi_es_kulturalis_jelentosege_Europaban\" >A bisonok t\u00f6rt\u00e9nelmi \u00e9s kultur\u00e1lis jelent\u0151s\u00e9ge Eur\u00f3p\u00e1ban<\/a><\/li><li class='ez-toc-page-1 ez-toc-heading-level-2'><a class=\"ez-toc-link ez-toc-heading-4\" href=\"https:\/\/santiniketan.news\/index.php\/2026\/08\/14\/bison-deutschland-felfedezese-magyarorszagon-egyedulallo-elmeny-es-termeszetkozeli-kaland\/#Miert_erdemes_meglatogatni_a_Bison_Deutschlandot\" >Mi\u00e9rt \u00e9rdemes megl\u00e1togatni a Bison Deutschlandot?<\/a><\/li><li class='ez-toc-page-1 ez-toc-heading-level-2'><a class=\"ez-toc-link ez-toc-heading-5\" href=\"https:\/\/santiniketan.news\/index.php\/2026\/08\/14\/bison-deutschland-felfedezese-magyarorszagon-egyedulallo-elmeny-es-termeszetkozeli-kaland\/#A_termeszetkozeli_elmeny_megszerzese_%E2%80%93_hogyan_keszuljunk\" >A term\u00e9szetk\u00f6zeli \u00e9lm\u00e9ny megszerz\u00e9se \u2013 hogyan k\u00e9sz\u00fclj\u00fcnk?<\/a><\/li><li class='ez-toc-page-1 ez-toc-heading-level-2'><a class=\"ez-toc-link ez-toc-heading-6\" href=\"https:\/\/santiniketan.news\/index.php\/2026\/08\/14\/bison-deutschland-felfedezese-magyarorszagon-egyedulallo-elmeny-es-termeszetkozeli-kaland\/#Szemben_a_koztudattal_a_bisonok_tenyleg_veszelyt_jelentenek\" >Szemben a k\u00f6ztudattal: a bisonok t\u00e9nyleg vesz\u00e9lyt jelentenek?<\/a><\/li><li class='ez-toc-page-1 ez-toc-heading-level-2'><a class=\"ez-toc-link ez-toc-heading-7\" href=\"https:\/\/santiniketan.news\/index.php\/2026\/08\/14\/bison-deutschland-felfedezese-magyarorszagon-egyedulallo-elmeny-es-termeszetkozeli-kaland\/#Osszehasonlitas_a_Bison_Deutschland_es_mas_europai_termeszetvedelmi_programok_kozott\" >\u00d6sszehasonl\u00edt\u00e1s a Bison Deutschland \u00e9s m\u00e1s eur\u00f3pai term\u00e9szetv\u00e9delmi programok k\u00f6z\u00f6tt<\/a><\/li><li class='ez-toc-page-1 ez-toc-heading-level-2'><a class=\"ez-toc-link ez-toc-heading-8\" href=\"https:\/\/santiniketan.news\/index.php\/2026\/08\/14\/bison-deutschland-felfedezese-magyarorszagon-egyedulallo-elmeny-es-termeszetkozeli-kaland\/#A_zaro_gondolat_termeszetkozeli_elmeny_minden_erzek_szamara\" >A z\u00e1r\u00f3 gondolat: term\u00e9szetk\u00f6zeli \u00e9lm\u00e9ny minden \u00e9rz\u00e9k sz\u00e1m\u00e1ra<\/a><\/li><li class='ez-toc-page-1 ez-toc-heading-level-2'><a class=\"ez-toc-link ez-toc-heading-9\" href=\"https:\/\/santiniketan.news\/index.php\/2026\/08\/14\/bison-deutschland-felfedezese-magyarorszagon-egyedulallo-elmeny-es-termeszetkozeli-kaland\/#Gyakran_ismetelt_kerdesek_a_bisonokkal_kapcsolatban\" >Gyakran ism\u00e9telt k\u00e9rd\u00e9sek a bisonokkal kapcsolatban<\/a><\/li><\/ul><\/li><\/ul><\/nav><\/div>\n<h1><span class=\"ez-toc-section\" id=\"Bison_Deutschland_felfedezese_Magyarorszagon_Egyedulallo_elmeny_es_termeszetkozeli_kaland\"><\/span>Bison Deutschland felfedez\u00e9se Magyarorsz\u00e1gon Egyed\u00fcl\u00e1ll\u00f3 \u00e9lm\u00e9ny \u00e9s term\u00e9szetk\u00f6zeli kaland<span class=\"ez-toc-section-end\"><\/span><\/h1>\n<nav class=\"toc\" aria-label=\"Tartalomjegyz\u00e9k\">\n<h2><span class=\"ez-toc-section\" id=\"Tartalomjegyzek\"><\/span>Tartalomjegyz\u00e9k<span class=\"ez-toc-section-end\"><\/span><\/h2>\n<ul>\n<li><a href=\"#a-bisonok-tortenelmi-es-kulturalis-jelentosege-europaban\">A bisonok t\u00f6rt\u00e9nelmi \u00e9s kultur\u00e1lis jelent\u0151s\u00e9ge Eur\u00f3p\u00e1ban<\/a><\/li>\n<li><a href=\"#miert-erdemes-meglatogatni-a-bison-deutschlandot\">Mi\u00e9rt \u00e9rdemes megl\u00e1togatni a Bison Deutschlandot?<\/a><\/li>\n<li><a href=\"#a-termeszetkozeli-elmeny-megszerzese-hogyan-keszuljunk\">A term\u00e9szetk\u00f6zeli \u00e9lm\u00e9ny megszerz\u00e9se \u2013 hogyan k\u00e9sz\u00fclj\u00fcnk?<\/a><\/li>\n<li><a href=\"#szemben-a-koztudattal-a-bisonok-tenyleg-veszelyt-jelentenek\">Szemben a k\u00f6ztudattal: a bisonok t\u00e9nyleg vesz\u00e9lyt jelentenek?<\/a><\/li>\n<li><a href=\"#osszehasonlitas-a-bison-deutschland-es-mas-europai-termeszetvedelmi-programok-ko\">\u00d6sszehasonl\u00edt\u00e1s a Bison Deutschland \u00e9s m\u00e1s eur\u00f3pai term\u00e9szetv\u00e9delmi programok k\u00f6z\u00f6tt<\/a><\/li>\n<li><a href=\"#a-zaro-gondolat-termeszetkozeli-elmeny-minden-erzek-szamara\">A z\u00e1r\u00f3 gondolat: term\u00e9szetk\u00f6zeli \u00e9lm\u00e9ny minden \u00e9rz\u00e9k sz\u00e1m\u00e1ra<\/a><\/li>\n<li><a href=\"#gyakran-ismetelt-kerdesek-a-bisonokkal-kapcsolatban\">Gyakran ism\u00e9telt k\u00e9rd\u00e9sek a bisonokkal kapcsolatban<\/a><\/li>\n<\/ul>\n<\/nav>\n<p>Az eur\u00f3pai vadon \u00e9l\u0151 \u00e1llatok vil\u00e1ga mindig is leny\u0171g\u00f6z\u0151 \u00e9s misztikus volt, k\u00fcl\u00f6n\u00f6sen azok sz\u00e1m\u00e1ra, akik szeretik a term\u00e9szet k\u00f6zels\u00e9g\u00e9t \u00e9s a vadon \u00e9l\u0151 \u00e1llatok megfigyel\u00e9s\u00e9t. A <a href=\"http:\/\/bisoncasino7.de\/\" target=\"_blank\" rel=\"noopener\">http:\/\/bisoncasino7.de\/<\/a> honlap seg\u00edts\u00e9g\u00e9vel lehet\u0151s\u00e9g ny\u00edlik arra, hogy Magyarorsz\u00e1gon is k\u00f6zelebb ker\u00fclj\u00fcnk a hatalmas \u00e9s leny\u0171g\u00f6z\u0151 b\u00f6l\u00e9nyekhez, azaz a bisonokhoz, amelyeknek t\u00f6bbnyire N\u00e9metorsz\u00e1gban van otthonuk. Ez az \u00e9lm\u00e9ny nem csup\u00e1n egy egyszer\u0171 kir\u00e1ndul\u00e1s, hanem egy m\u00e9ly, term\u00e9szetk\u00f6zeli kaland, amely felejthetetlen eml\u00e9keket ny\u00fajt minden l\u00e1togat\u00f3nak.<\/p>\n<h2 id=\"a-bisonok-tortenelmi-es-kulturalis-jelentosege-europaban\"><span class=\"ez-toc-section\" id=\"A_bisonok_tortenelmi_es_kulturalis_jelentosege_Europaban\"><\/span>A bisonok t\u00f6rt\u00e9nelmi \u00e9s kultur\u00e1lis jelent\u0151s\u00e9ge Eur\u00f3p\u00e1ban<span class=\"ez-toc-section-end\"><\/span><\/h2>\n<p>A bisonok, vagy m\u00e1s n\u00e9ven b\u00f6l\u00e9nyek, \u00e9vsz\u00e1zadokon kereszt\u00fcl az eur\u00f3pai vadon egyik ikonikus alakjai voltak. T\u00f6rt\u00e9nelmileg gazdag m\u00faltra tekintenek vissza, hiszen a k\u00f6z\u00e9pkorban \u00e9s kor\u00e1bban is fontos szerepet j\u00e1tszottak az eur\u00f3pai vad\u00e1szati kult\u00far\u00e1ban \u00e9s \u00e9letm\u00f3dban. A <strong>n\u00e9metorsz\u00e1gi Bison Deutschland<\/strong> k\u00f6zpontja p\u00e9ld\u00e1ul hozz\u00e1j\u00e1rul ahhoz, hogy a faj meg\u0151rz\u00e9se \u00e9s bemutat\u00e1sa modern \u00e9s fenntarthat\u00f3 m\u00f3don t\u00f6rt\u00e9njen, amellyel t\u00e1mogatj\u00e1k az \u00e1llatv\u00e9delmet \u00e9s a k\u00f6rnyezetv\u00e9delmet.<\/p>\n<h2 id=\"miert-erdemes-meglatogatni-a-bison-deutschlandot\"><span class=\"ez-toc-section\" id=\"Miert_erdemes_meglatogatni_a_Bison_Deutschlandot\"><\/span>Mi\u00e9rt \u00e9rdemes megl\u00e1togatni a Bison Deutschlandot?<span class=\"ez-toc-section-end\"><\/span><\/h2>\n<p>Magyarorsz\u00e1gr\u00f3l val\u00f3 utaz\u00e1s sor\u00e1n a Bison Deutschland egyed\u00fcl\u00e1ll\u00f3 lehet\u0151s\u00e9get k\u00edn\u00e1l arra, hogy szem\u00e9lyesen k\u00f6zel ker\u00fclhess\u00fcnk ezekhez a leny\u0171g\u00f6z\u0151 l\u00e9nyekhez. A k\u00f6zelm\u00faltban egyre t\u00f6bb term\u00e9szetkedvel\u0151 \u00e9s csal\u00e1d keresi fel a ter\u00fcletet, ahol nem csup\u00e1n megfigyelhetik a bisonokat, hanem megismerhetik azok \u00e9letm\u00f3dj\u00e1t \u00e9s szerep\u00e9t az eur\u00f3pai \u00f6kosziszt\u00e9m\u00e1ban. Az al\u00e1bbiakban bemutatunk n\u00e9h\u00e1ny fontos okot, ami\u00e9rt \u00e9rdemes ell\u00e1togatni ide:<\/p>\n<ul>\n<li>Lehet\u0151s\u00e9g a vadon \u00e9l\u0151 bisonok megfigyel\u00e9s\u00e9re term\u00e9szetes k\u00f6rnyezet\u00fckben<\/li>\n<li>Oktat\u00f3 programok \u00e9s vezetett t\u00far\u00e1k, amelyek elm\u00e9ly\u00edtik a tud\u00e1st a fajr\u00f3l<\/li>\n<li>Gy\u00f6ny\u00f6r\u0171 t\u00e1jak \u00e9s nyugodt k\u00f6rnyezet a kikapcsol\u00f3d\u00e1shoz<\/li>\n<li>Az \u00f6koturizmus t\u00e1mogat\u00e1sa \u00e9s a term\u00e9szetv\u00e9delem r\u00e9szeseiv\u00e9 v\u00e1l\u00e1s<\/li>\n<\/ul>\n<h2 id=\"a-termeszetkozeli-elmeny-megszerzese-hogyan-keszuljunk\"><span class=\"ez-toc-section\" id=\"A_termeszetkozeli_elmeny_megszerzese_%E2%80%93_hogyan_keszuljunk\"><\/span>A term\u00e9szetk\u00f6zeli \u00e9lm\u00e9ny megszerz\u00e9se \u2013 hogyan k\u00e9sz\u00fclj\u00fcnk?<span class=\"ez-toc-section-end\"><\/span><\/h2>\n<p>Amennyiben elhat\u00e1rozzuk, hogy megl\u00e1togatjuk a Bison Deutschlandot, fontos n\u00e9h\u00e1ny alapvet\u0151 dologra odafigyelni. Els\u0151sorban a megfelel\u0151 \u00f6lt\u00f6z\u00e9k kiv\u00e1laszt\u00e1sa alapvet\u0151, hiszen a term\u00e9szetben val\u00f3 tart\u00f3zkod\u00e1s v\u00e1ltoz\u00e9kony id\u0151j\u00e1r\u00e1si k\u00f6r\u00fclm\u00e9nyek k\u00f6z\u00f6tt t\u00f6rt\u00e9nhet. Aj\u00e1nlott k\u00e9nyelmes, v\u00edz\u00e1ll\u00f3 cip\u0151, r\u00e9teges \u00f6lt\u00f6zet \u00e9s napv\u00e9d\u0151 eszk\u00f6z\u00f6k magunkkal vitele. Emellett \u00e9rdemes hosszabb\u00edt\u00f3 objekt\u00edvvel rendelkez\u0151 f\u00e9nyk\u00e9pez\u0151g\u00e9pet hozni, hogy meg\u00f6r\u00f6k\u00edthess\u00fck a bisonok leny\u0171g\u00f6z\u0151 l\u00e1tv\u00e1ny\u00e1t.<\/p>\n<p>Az ide\u00e1lis id\u0151szak a l\u00e1togat\u00e1sra \u00e1ltal\u00e1ban a tavasz \u00e9s az \u0151sz, amikor a term\u00e9szeti k\u00f6rnyezet sz\u00ednes \u00e9s gazdag, ugyanakkor a bisonok tev\u00e9kenys\u00e9ge is intenz\u00edvebb lehet. Az el\u0151re lefoglalt vezetett t\u00far\u00e1k sor\u00e1n szak\u00e9rt\u0151 vezet\u0151k seg\u00edtenek eligazodni, \u00e9s megosztj\u00e1k a leg\u00e9rdekesebb t\u00f6rt\u00e9neteket ezekr\u0151l a kihalt eur\u00f3pai \u00f3ri\u00e1sokr\u00f3l. Ne felejts\u00fcnk el kamer\u00e1t vagy okostelefont is hozni, hiszen a term\u00e9szet ilyen k\u00f6zels\u00e9ge igaz\u00e1n megind\u00edt\u00f3 \u00e9lm\u00e9nyt ny\u00fajt.<\/p>\n<div style=\"text-align:center\"><iframe loading=\"lazy\" width=\"568\" height=\"318\" src=\"https:\/\/www.youtube.com\/embed\/YDro7utoyA0\" alt=\"USA: Schaffen es die Bisons zur\u00fcck zu den Indigenen?\"><\/iframe><\/div>\n<h2 id=\"szemben-a-koztudattal-a-bisonok-tenyleg-veszelyt-jelentenek\"><span class=\"ez-toc-section\" id=\"Szemben_a_koztudattal_a_bisonok_tenyleg_veszelyt_jelentenek\"><\/span>Szemben a k\u00f6ztudattal: a bisonok t\u00e9nyleg vesz\u00e9lyt jelentenek?<span class=\"ez-toc-section-end\"><\/span><\/h2>\n<p>Sokan tartanak att\u00f3l, hogy a vadon \u00e9l\u0151 bisonok agressz\u00edvek lehetnek, de a val\u00f3s\u00e1g ezzel szemben teljesen m\u00e1s. A megfelel\u0151 t\u00e1vols\u00e1gb\u00f3l t\u00f6rt\u00e9n\u0151 megfigyel\u00e9s \u00e9s az oktat\u00f3kkal val\u00f3 egy\u00fcttm\u0171k\u00f6d\u00e9s biztos\u00edtja, hogy a l\u00e1togat\u00e1s biztons\u00e1gos legyen mindenki sz\u00e1m\u00e1ra. A bisonok \u00e1ltal\u00e1ban b\u00e9k\u00e9s l\u00e9nyek, \u00e9s a legjobb \u00e9lm\u00e9ny \u00e9rdek\u00e9ben \u00e9rdemes tiszteletben tartani \u0151ket \u00e9s a term\u00e9szet szab\u00e1lyait.<\/p>\n<h2 id=\"osszehasonlitas-a-bison-deutschland-es-mas-europai-termeszetvedelmi-programok-ko\"><span class=\"ez-toc-section\" id=\"Osszehasonlitas_a_Bison_Deutschland_es_mas_europai_termeszetvedelmi_programok_kozott\"><\/span>\u00d6sszehasonl\u00edt\u00e1s a Bison Deutschland \u00e9s m\u00e1s eur\u00f3pai term\u00e9szetv\u00e9delmi programok k\u00f6z\u00f6tt<span class=\"ez-toc-section-end\"><\/span><\/h2>\n<table>\n<thead>\n<tr>\n<th>Jellemz\u0151<\/th>\n<th>Bison Deutschland<\/th>\n<th>M\u00e1s eur\u00f3pai programok<\/th>\n<\/tr>\n<\/thead>\n<tbody>\n<tr>\n<td>F\u00f3kusz<\/td>\n<td>Vad b\u00f6l\u00e9nyek term\u00e9szetk\u00f6zeli megfigyel\u00e9se<\/td>\n<td>\u00c1ltal\u00e1nos term\u00e9szetv\u00e9delmi \u00e9s oktat\u00e1si tev\u00e9kenys\u00e9gek<\/td>\n<\/tr>\n<tr>\n<td>Helysz\u00edn<\/td>\n<td>N\u00e9metorsz\u00e1g<\/td>\n<td>Els\u0151sorban nemzetk\u00f6zi vagy nem helyi projektek<\/td>\n<\/tr>\n<tr>\n<td>Programok<\/td>\n<td>Vezetett t\u00far\u00e1k, oktat\u00f3 foglalkoz\u00e1sok<\/td>\n<td>Sz\u00e9lesk\u00f6r\u0171bb, gyakran t\u00f6bbnyire ny\u00edlt napok<\/td>\n<\/tr>\n<tr>\n<td>El\u00e9rhet\u0151s\u00e9g<\/td>\n<td>Kor\u00e1bban foglal\u00e1ssal \u00e9s szak\u00e9rt\u0151i t\u00e1mogat\u00e1ssal<\/td>\n<td>\u00c1ltal\u00e1nos nyilv\u00e1nos esem\u00e9nyek<\/td>\n<\/tr>\n<\/tbody>\n<\/table>\n<h2 id=\"a-zaro-gondolat-termeszetkozeli-elmeny-minden-erzek-szamara\"><span class=\"ez-toc-section\" id=\"A_zaro_gondolat_termeszetkozeli_elmeny_minden_erzek_szamara\"><\/span>A z\u00e1r\u00f3 gondolat: term\u00e9szetk\u00f6zeli \u00e9lm\u00e9ny minden \u00e9rz\u00e9k sz\u00e1m\u00e1ra<span class=\"ez-toc-section-end\"><\/span><\/h2>\n<p>Ak\u00e1r egy csal\u00e1di kir\u00e1ndul\u00e1s r\u00e9szek\u00e9nt, ak\u00e1r egyedi kalandk\u00e9nt tervezz\u00fck az utaz\u00e1st, a Bison Deutschland megl\u00e1togat\u00e1sa Magyarorsz\u00e1gr\u00f3l is felejthetetlen \u00e9lm\u00e9nyt \u00edg\u00e9r. A hatalmas bisonok l\u00e1tv\u00e1nya, a nyugodt term\u00e9szetes k\u00f6rnyezet \u00e9s az oktat\u00f3 programok r\u00e9v\u00e9n egy val\u00f3di kapcsolat alakulhat ki a term\u00e9szettel, amely hossz\u00fa id\u0151re sz\u00f3l\u00f3 eml\u00e9kekkel gazdag\u00edt minket. A vadon \u00e9l\u0151 eur\u00f3pai b\u00f6l\u00e9nyek meg\u0151rz\u00e9se nem csup\u00e1n nemzetk\u00f6zi feladat, hanem mindannyiunk k\u00f6z\u00f6s felel\u0151ss\u00e9ge is, melyben a term\u00e9szetk\u00f6zeli kaland lehet a legjobb kezd\u0151 l\u00e9p\u00e9s.<\/p>\n<h2 id=\"gyakran-ismetelt-kerdesek-a-bisonokkal-kapcsolatban\"><span class=\"ez-toc-section\" id=\"Gyakran_ismetelt_kerdesek_a_bisonokkal_kapcsolatban\"><\/span>Gyakran ism\u00e9telt k\u00e9rd\u00e9sek a bisonokkal kapcsolatban<span class=\"ez-toc-section-end\"><\/span><\/h2>\n<dl>\n<dt>Milyen id\u0151szakban \u00e9rdemes megl\u00e1togatni a Bison Deutschlandot?<\/dt>\n<dd>A legjobb id\u0151szak a tavasz \u00e9s az \u0151sz, amikor a term\u00e9szet sz\u00ednes \u00e9s az \u00e1llatok aktivit\u00e1sa is magasabb.<\/dd>\n<dt>Biztons\u00e1gos-e a bisonok megfigyel\u00e9se?<\/dt>\n<dd>Igen, a vezetett t\u00far\u00e1k \u00e9s a szak\u00e9rt\u0151i k\u00eds\u00e9rettel mindenki biztons\u00e1gban van, mik\u00f6zben k\u00f6zel ker\u00fclhet a vadon \u00e9l\u0151 bisonokhoz.<\/dd>\n<dt>Milyen felszerel\u00e9st aj\u00e1nlott vinni?<\/dt>\n<dd>K\u00e9nyelmes, v\u00edz\u00e1ll\u00f3 cip\u0151t, r\u00e9teges \u00f6lt\u00f6zetet, napv\u00e9d\u0151t \u00e9s f\u00e9nyk\u00e9pez\u0151g\u00e9pet vagy telefont a k\u00e9pek k\u00e9sz\u00edt\u00e9s\u00e9hez.<\/dd>\n<dt>Vesz\u00e9lyesek lehetnek a bisonok?<\/dt>\n<dd>Csak akkor, ha nem tartj\u00e1k be a t\u0151l\u00fck val\u00f3 biztons\u00e1gos t\u00e1vols\u00e1got. A megfelel\u0151 magatart\u00e1s mellett b\u00e9k\u00e9sek \u00e9s vesz\u00e9lytelenek.<\/dd>\n<\/dl>\n","protected":false},"excerpt":{"rendered":"<p>Auto-generated post_excerpt<\/p>\n","protected":false},"author":1,"featured_media":0,"comment_status":"closed","ping_status":"open","sticky":false,"template":"","format":"standard","meta":{"footnotes":""},"categories":[1],"tags":[],"class_list":["post-2579","post","type-post","status-publish","format-standard","hentry","category-uncategorized","generate-columns","tablet-grid-50","mobile-grid-100","grid-parent","grid-33"],"_links":{"self":[{"href":"https:\/\/santiniketan.news\/index.php\/wp-json\/wp\/v2\/posts\/2579","targetHints":{"allow":["GET"]}}],"collection":[{"href":"https:\/\/santiniketan.news\/index.php\/wp-json\/wp\/v2\/posts"}],"about":[{"href":"https:\/\/santiniketan.news\/index.php\/wp-json\/wp\/v2\/types\/post"}],"author":[{"embeddable":true,"href":"https:\/\/santiniketan.news\/index.php\/wp-json\/wp\/v2\/users\/1"}],"replies":[{"embeddable":true,"href":"https:\/\/santiniketan.news\/index.php\/wp-json\/wp\/v2\/comments?post=2579"}],"version-history":[{"count":1,"href":"https:\/\/santiniketan.news\/index.php\/wp-json\/wp\/v2\/posts\/2579\/revisions"}],"predecessor-version":[{"id":2580,"href":"https:\/\/santiniketan.news\/index.php\/wp-json\/wp\/v2\/posts\/2579\/revisions\/2580"}],"wp:attachment":[{"href":"https:\/\/santiniketan.news\/index.php\/wp-json\/wp\/v2\/media?parent=2579"}],"wp:term":[{"taxonomy":"category","embeddable":true,"href":"https:\/\/santiniketan.news\/index.php\/wp-json\/wp\/v2\/categories?post=2579"},{"taxonomy":"post_tag","embeddable":true,"href":"https:\/\/santiniketan.news\/index.php\/wp-json\/wp\/v2\/tags?post=2579"}],"curies":[{"name":"wp","href":"https:\/\/api.w.org\/{rel}","templated":true}]}}